{"id":388,"date":"2022-10-13T13:03:10","date_gmt":"2022-10-13T11:03:10","guid":{"rendered":"https:\/\/intersafe.es\/index.php\/2022\/10\/13\/normativa-protector-ocular\/"},"modified":"2023-03-14T17:57:15","modified_gmt":"2023-03-14T17:57:15","slug":"normativa-protector-ocular","status":"publish","type":"post","link":"https:\/\/intersafe.es\/index.php\/2022\/10\/13\/normativa-protector-ocular\/","title":{"rendered":"Normativa e instrucciones de marcado para elegir el protector ocular"},"content":{"rendered":"\t\t<div data-elementor-type=\"wp-post\" data-elementor-id=\"388\" class=\"elementor elementor-388\">\n\t\t\t\t\t\t\t\t\t<section class=\"elementor-section elementor-top-section elementor-element elementor-element-3b533bca elementor-section-boxed elementor-section-height-default elementor-section-height-default\" data-id=\"3b533bca\" data-element_type=\"section\">\n\t\t\t\t\t\t<div class=\"elementor-container elementor-column-gap-default\">\n\t\t\t\t\t<div class=\"elementor-column elementor-col-100 elementor-top-column elementor-element elementor-element-491c1a15\" data-id=\"491c1a15\" data-element_type=\"column\">\n\t\t\t<div class=\"elementor-widget-wrap elementor-element-populated\">\n\t\t\t\t\t\t\t\t<div class=\"elementor-element elementor-element-3badb4e elementor-widget elementor-widget-heading\" data-id=\"3badb4e\" data-element_type=\"widget\" data-widget_type=\"heading.default\">\n\t\t\t\t<div class=\"elementor-widget-container\">\n\t\t\t<style>\/*! elementor - v3.16.0 - 12-09-2023 *\/\n.elementor-heading-title{padding:0;margin:0;line-height:1}.elementor-widget-heading .elementor-heading-title[class*=elementor-size-]>a{color:inherit;font-size:inherit;line-height:inherit}.elementor-widget-heading .elementor-heading-title.elementor-size-small{font-size:15px}.elementor-widget-heading .elementor-heading-title.elementor-size-medium{font-size:19px}.elementor-widget-heading .elementor-heading-title.elementor-size-large{font-size:29px}.elementor-widget-heading .elementor-heading-title.elementor-size-xl{font-size:39px}.elementor-widget-heading .elementor-heading-title.elementor-size-xxl{font-size:59px}<\/style><span id=\"scroll69f4162cdb58a\"  class=\"scrollMagicControl\" type=\"hidden\" effect = {} wpmp_enable_desktop=\"yes\" wpmp_enable_tablet=\"yes\" wpmp_enable_mobile=\"yes\" wpmp_trigger_hook=\"0.5\" wpmp_reverse=\"yes\" wpmp_class_CSS =\"custom\" split-text = {} value=\"scrollmagic\"><\/span><h2 class=\"elementor-heading-title elementor-size-default\">Normativa e instrucciones de marcado para elegir el protector ocular<\/h2>\t\t<\/div>\n\t\t\t\t<\/div>\n\t\t\t\t<div class=\"elementor-element elementor-element-a718e94 elementor-widget elementor-widget-image\" data-id=\"a718e94\" data-element_type=\"widget\" data-widget_type=\"image.default\">\n\t\t\t\t<div class=\"elementor-widget-container\">\n\t\t\t<style>\/*! elementor - v3.16.0 - 12-09-2023 *\/\n.elementor-widget-image{text-align:center}.elementor-widget-image a{display:inline-block}.elementor-widget-image a img[src$=\".svg\"]{width:48px}.elementor-widget-image img{vertical-align:middle;display:inline-block}<\/style><span id=\"scroll69f4162cdc0ea\"  class=\"scrollMagicControl\" type=\"hidden\" effect = {} wpmp_enable_desktop=\"yes\" wpmp_enable_tablet=\"yes\" wpmp_enable_mobile=\"yes\" wpmp_trigger_hook=\"0.5\" wpmp_reverse=\"yes\" wpmp_class_CSS =\"custom\" split-text = {} value=\"scrollmagic\"><\/span>\t\t\t\t\t\t\t\t\t\t\t\t<img loading=\"lazy\" decoding=\"async\" width=\"1024\" height=\"595\" src=\"https:\/\/intersafe.es\/wp-content\/uploads\/2022\/10\/POST-PROTECCION-OCULAR-SEPT-1024x595.jpg\" class=\"attachment-large size-large wp-image-1956\" alt=\"\" srcset=\"https:\/\/intersafe.es\/wp-content\/uploads\/2022\/10\/POST-PROTECCION-OCULAR-SEPT-1024x595.jpg 1024w, https:\/\/intersafe.es\/wp-content\/uploads\/2022\/10\/POST-PROTECCION-OCULAR-SEPT-300x174.jpg 300w, https:\/\/intersafe.es\/wp-content\/uploads\/2022\/10\/POST-PROTECCION-OCULAR-SEPT-768x447.jpg 768w, https:\/\/intersafe.es\/wp-content\/uploads\/2022\/10\/POST-PROTECCION-OCULAR-SEPT.jpg 1080w\" sizes=\"auto, (max-width: 1024px) 100vw, 1024px\" \/>\t\t\t\t\t\t\t\t\t\t\t\t\t\t\t<\/div>\n\t\t\t\t<\/div>\n\t\t\t\t<div class=\"elementor-element elementor-element-68eadf17 elementor-widget elementor-widget-text-editor\" data-id=\"68eadf17\" data-element_type=\"widget\" data-widget_type=\"text-editor.default\">\n\t\t\t\t<div class=\"elementor-widget-container\">\n\t\t\t<style>\/*! elementor - v3.16.0 - 12-09-2023 *\/\n.elementor-widget-text-editor.elementor-drop-cap-view-stacked .elementor-drop-cap{background-color:#69727d;color:#fff}.elementor-widget-text-editor.elementor-drop-cap-view-framed .elementor-drop-cap{color:#69727d;border:3px solid;background-color:transparent}.elementor-widget-text-editor:not(.elementor-drop-cap-view-default) .elementor-drop-cap{margin-top:8px}.elementor-widget-text-editor:not(.elementor-drop-cap-view-default) .elementor-drop-cap-letter{width:1em;height:1em}.elementor-widget-text-editor .elementor-drop-cap{float:left;text-align:center;line-height:1;font-size:50px}.elementor-widget-text-editor .elementor-drop-cap-letter{display:inline-block}<\/style><span id=\"scroll69f4162cdc8a8\"  class=\"scrollMagicControl\" type=\"hidden\" effect = {} wpmp_enable_desktop=\"yes\" wpmp_enable_tablet=\"yes\" wpmp_enable_mobile=\"yes\" wpmp_trigger_hook=\"0.5\" wpmp_reverse=\"yes\" wpmp_class_CSS =\"custom\" split-text = {} value=\"scrollmagic\"><\/span>\t\t\t\t<p><span style=\"color: #2d2e87;\">No hay mejor forma de evidenciar la importancia del <strong>uso de una protecci\u00f3n ocular adecuada<\/strong> que recurriendo a los datos. En torno a 2000 trabajadores en Estados Unidos sufre lesiones oculares a diario, de las cuales casi un 20% derivan en una p\u00e9rdida temporal o permanente de la vista. Frente a estos n\u00fameros hay que resaltar que el 90% de las lesiones podr\u00eda prevenirse con un uso adecuado y una vigilancia de <strong>la normativa existente para los equipos de protecci\u00f3n ocular:<\/strong> gafas, pantallas y filtros de protecci\u00f3n.<\/span><\/p><p><span style=\"color: #2d2e87;\">Las amenazas frente a los cuales resulta necesaria la protecci\u00f3n ocular son muy diversas. Podemos listar los <strong>riesgos m\u00e1s comunes<\/strong> de la siguiente manera:<\/span><\/p><ul><li><span style=\"color: #2d2e87;\"><strong>Part\u00edculas extra\u00f1as<\/strong>: Polvo, suciedad, metal, astillas\u2026 Entran en el ojo por acci\u00f3n del viento, por actividades como el esmerilado, el cepillado, martillado o serrado, o por el uso de herramientas, maquinaria y equipos el\u00e9ctricos.<\/span><\/li><li><span style=\"color: #2d2e87;\"><strong>Salpicaduras de sustancias qu\u00edmicas<\/strong>: Pinturas, l\u00edquidos calientes, disolventes y otras soluciones peligrosas son las m\u00e1s comunes.<\/span><\/li><li><span style=\"color: #2d2e87;\"><strong>Quemaduras<\/strong>: Por lo general producidas por la exposici\u00f3n a soldadura, rayos l\u00e1ser o a otras fuentes lum\u00ednicas muy brillantes. Su efecto suele notarse pasadas unas horas, provocando sensibilidad a la luz, sensaci\u00f3n de arena en los ojos, inflamaci\u00f3n y enrojecimiento.<\/span><\/li><li><span style=\"color: #2d2e87;\"><strong>Golpes o impactos<\/strong> en la zona de los ojos.<\/span><\/li><\/ul><p><span style=\"color: #2d2e87;\">Sin embargo, no existe algo as\u00ed como una protecci\u00f3n ocular universal, sino que podemos encontrar diferentes <strong>tipos de protectores<\/strong>:<\/span><\/p><ul><li><span style=\"color: #2d2e87;\"><strong>Gafas de protecci\u00f3n de montura universal<\/strong>: Pueden proteger de riesgos mec\u00e1nicos o riesgos por radiaci\u00f3n.<\/span><\/li><li><span style=\"color: #2d2e87;\"><strong>Gafas de protecci\u00f3n de montura integral<\/strong>: Pueden proteger frente a riesgos mec\u00e1nicos, riesgos qu\u00edmicos o riesgos por radiaci\u00f3n.<\/span><\/li><li><span style=\"color: #2d2e87;\"><strong>Pantallas faciales<\/strong>: Pueden proteger frente a riesgos mec\u00e1nicos y riesgos por radiaci\u00f3n.<\/span><\/li><li><span style=\"color: #2d2e87;\"><strong>Protectores oculares y faciales de malla<\/strong>: Pueden proteger frente a los riesgos mec\u00e1nicos.<\/span><\/li><li><span style=\"color: #2d2e87;\"><strong>Protectores oculares y faciales para soldadura<\/strong>: Pueden proteger frente a riesgos mec\u00e1nicos y riesgos por radiaci\u00f3n.<\/span><\/li><\/ul><h2><span style=\"color: #2d2e87;\">Normas europeas de referencia para EPI oculares: categor\u00edas I, II y III<\/span><\/h2><p><span style=\"color: #2d2e87;\">Al igual que sucede con cualquier otro tipo de equipos de protecci\u00f3n individual, los protectores oculares deben contar con el <strong>obligatorio marcado CE<\/strong> tal y como se expresa en el <strong>Real Decreto 1407\/1990<\/strong>. En el caso de las protecciones oculares filtrantes tambi\u00e9n es fundamental que cuenten con las <strong>marcas identificadoras del grado de protecci\u00f3n<\/strong>.<\/span><\/p><p><span style=\"color: #2d2e87;\">Como equipos de protecci\u00f3n individual, las protecciones oculares y faciales est\u00e1n reguladas por normativas europeas que certifican la <strong>protecci\u00f3n proporcionada frente a riesgos como: impactos, metales fundidos y s\u00f3lidos calientes, gotas y salpicaduras, polvo, gases, arco el\u00e9ctrico de cortocircuito o cualquiera de estos riesgos combinados<\/strong>.<\/span><\/p><p><span style=\"color: #2d2e87;\">Adem\u00e1s, seg\u00fan la Normativa Europea, las gafas de protecci\u00f3n para el entorno laboral deben estar <strong>certificadas en su totalidad<\/strong>, y no solo alguna de sus partes por separado.<\/span><\/p><p><span style=\"color: #2d2e87;\">Las <strong>normas armonizadas de referencia a nivel europeo<\/strong> que regulan los equipos de protecci\u00f3n ocular son las siguientes:<\/span><\/p><ul><li><span style=\"color: #2d2e87;\"><strong>EN 166 Protecci\u00f3n individual de los ojos<\/strong>. Requisitos: Categor\u00eda II<\/span><\/li><li><span style=\"color: #2d2e87;\"><strong>EN 169 Filtros para soldadura y t\u00e9cnicas y relacionadas:<\/strong> Categor\u00eda II<\/span><\/li><li><span style=\"color: #2d2e87;\"><strong>EN 170 Filtro para ultravioletas<\/strong>: Categor\u00eda II<\/span><\/li><li><span style=\"color: #2d2e87;\"><strong>EN 171 Filtro para infrarrojos<\/strong>: Categor\u00eda II<\/span><\/li><li><span style=\"color: #2d2e87;\"><strong>EN 172 Filtros de protecci\u00f3n solar para uso laboral<\/strong>: Categor\u00eda II<\/span><\/li><li><span style=\"color: #2d2e87;\"><strong>EN 175 Equipos para la protecci\u00f3n de los ojos y la cara durante la soldadura y t\u00e9cnicas afines<\/strong>: Categor\u00eda II<\/span><\/li><li><span style=\"color: #2d2e87;\"><strong>EN 207 Filtros y gafas de protecci\u00f3n contra la radiaci\u00f3n l\u00e1ser<\/strong>: Categor\u00eda II<\/span><\/li><li><span style=\"color: #2d2e87;\"><strong>EN 208 Gafas de protecci\u00f3n para los trabajos de ajuste de l\u00e1ser y sistema l\u00e1ser<\/strong>: Categor\u00eda II<\/span><\/li><\/ul><p><span style=\"color: #2d2e87;\">Fuera de estas normativas se encuentran los siguientes equipos de protecci\u00f3n ocular de categor\u00eda III:<\/span><\/p><ul><li><span style=\"color: #2d2e87;\"><strong>Filtros<\/strong> o protectores para <strong>ambientes calurosos<\/strong> (temperaturas iguales o superiores a 100\u00ba)<\/span><\/li><li><span style=\"color: #2d2e87;\">Contra <strong>radiaciones ionizantes<\/strong><\/span><\/li><li><span style=\"color: #2d2e87;\">Contra <strong>riesgo el\u00e9ctrico<\/strong><\/span><\/li><li><span style=\"color: #2d2e87;\">Contra <strong>radiaci\u00f3n l\u00e1ser<\/strong><\/span><\/li><\/ul><p><span style=\"color: #2d2e87;\">En lo que respecta a Espa\u00f1a, el <strong>Real Decreto 486\/2010<\/strong> establece las <strong>disposiciones m\u00ednimas<\/strong> para la protecci\u00f3n de los trabajadores contra los riesgos para su salud y su seguridad derivados de la <strong>exposici\u00f3n a las radiaciones \u00f3pticas artificiales<\/strong> durante el ejercicio de su trabajo.<\/span><\/p><h2><span style=\"color: #2d2e87;\">La importancia del marcado de los elementos de protecci\u00f3n ocular<\/span><\/h2><p><span style=\"color: #2d2e87;\">El marcado es, sin duda, uno de los aspectos m\u00e1s importantes a tener en cuenta a la hora de seleccionar la protecci\u00f3n ocular adecuada para el trabajo que se va a desempe\u00f1ar. La <strong>norma europea EN 166<\/strong> es la encargada de establecer <strong>la forma en la que debe producirse este marcado para indicar la informaci\u00f3n t\u00e9cnica<\/strong> sobre las lentes de gafas protectoras. Dicha <strong>informaci\u00f3n<\/strong> deber\u00eda figurar en el siguiente orden:<\/span><\/p><ul><li><span style=\"color: #2d2e87;\"><strong>Grado de protecci\u00f3n<\/strong> (solo filtro)<\/span><\/li><li><span style=\"color: #2d2e87;\">Marca de <strong>identificaci\u00f3n del fabricante<\/strong><\/span><\/li><li><span style=\"color: #2d2e87;\"><strong>Clase \u00f3ptica<\/strong> (excepto cristales superpuestos)<\/span><\/li><li><span style=\"color: #2d2e87;\">Marcado de <strong>certificaci\u00f3n<\/strong> (si corresponde)<\/span><\/li><li><span style=\"color: #2d2e87;\">Abreviatura de la <strong>resistencia mec\u00e1nica<\/strong><\/span><\/li><li><span style=\"color: #2d2e87;\">Abreviatura de<strong> la no adherencia de metal fundido<\/strong><\/span><\/li><\/ul><p><span style=\"color: #2d2e87;\">A continuaci\u00f3n, te detallamos <strong>los marcados m\u00e1s importantes a tener en cuenta<\/strong> a la hora de seleccionar la protecci\u00f3n ocular.<\/span><\/p><h3><span style=\"color: #2d2e87;\">a.\u00a0\u00a0\u00a0 El tono de la lente<\/span><\/h3><p><span style=\"color: #2d2e87;\">Cuando hablamos del tono de la lente nos referimos al <strong>tipo de filtro que proporciona la lente<\/strong> al usuario. De esta manera podemos distinguir:<\/span><\/p><ul><li><span style=\"color: #2d2e87;\"><strong>2, protecci\u00f3n contra la radiaci\u00f3n UV<\/strong><\/span><\/li><li><span style=\"color: #2d2e87;\"><strong>2C, protecci\u00f3n contra la radiaci\u00f3n UV con buen reconocimiento del color<\/strong><\/span><\/li><li><span style=\"color: #2d2e87;\"><strong>5, protecci\u00f3n frente a la radiaci\u00f3n UV y la radiaci\u00f3n solar<\/strong><\/span><\/li><\/ul><p><span style=\"color: #2d2e87;\">Un buen ejemplo de gafas con el marcado 5 de protecci\u00f3n frente a la radiaci\u00f3n UV y la radiaci\u00f3n solar del cat\u00e1logo de <strong>Lyreco<\/strong> son las <a style=\"color: #2d2e87;\" href=\"\\&quot;https:\/\/www.lyreco.com\/webshop\/SPSP\/gafas-de-seguridad-delta-plus-vulcano2-lente-solar-product-000000000007303787.html\\&quot;\"><strong>gafas de seguridad Delta Plus Vulcano2 con lente solar de Uvex.<\/strong><\/a><\/span><\/p><h3><span style=\"color: #2d2e87;\">a.\u00a0\u00a0\u00a0 Resistencia al impacto<\/span><\/h3><p><span style=\"color: #2d2e87;\">El hecho de tener en cuenta la capacidad de transmisi\u00f3n de la luz a trav\u00e9s de la lente tambi\u00e9n es un aspecto fundamental. As\u00ed encontramos:<\/span><\/p><ul><li><span style=\"color: #2d2e87;\"><strong>2 Lente clara<\/strong>, permite transmitir entre un 74,4% y un 100% de la luz<\/span><\/li><li><span style=\"color: #2d2e87;\"><strong>7 Para interiores y exteriores<\/strong>, permite transmitir entre un 43,2% y un 58,1 de la luz<\/span><\/li><li><span style=\"color: #2d2e87;\"><strong>5 Ligeramente ahumada<\/strong>, permite transmitir entre un 17,8% y un 29,1% de la luz<\/span><\/li><li><span style=\"color: #2d2e87;\">3<strong>.5 Ahumada oscura<\/strong>, permite transmitir entre un 8,0% y un 17,8% de la luz<\/span><\/li><\/ul><h3><span style=\"color: #2d2e87;\">c.\u00a0\u00a0\u00a0 Marcas de campo de uso<\/span><\/h3><p><span style=\"color: #2d2e87;\">La \u00faltima marca esencial a tener en cuenta para elegir la protecci\u00f3n ocular es la de campo de uso. Se identifica de la siguiente manera:<\/span><\/p><ul><li><span style=\"color: #2d2e87;\">3 &#8211; <strong>Gotas y salpicaduras l\u00edquidas<\/strong>: Resistente a gotas (gafas) y salpicaduras (pantallas) de l\u00edquido. No aplicable a lentes<\/span><\/li><li><span style=\"color: #2d2e87;\">4 &#8211; <strong>Part\u00edculas de polvo grandes<\/strong> (&gt; 5 micrones): Resistente a part\u00edculas de polvo grandes, solo aplicable a gafas (con ventilaci\u00f3n indirecta o sin ventilaci\u00f3n)<\/span><\/li><li><span style=\"color: #2d2e87;\">5 &#8211; <strong>Part\u00edculas de polvo finas<\/strong> (&lt; 5 micrones) y gases: Resistente a part\u00edculas de polvo finas y riesgos de gases, solo aplicable a gafas (sin ventilaci\u00f3n)<\/span><\/li><li><span style=\"color: #2d2e87;\">8 &#8211; <strong>Cortocircuito de arco el\u00e9ctrico<\/strong>: Resistentes a cortocircuito de arco el\u00e9ctrico.<\/span><\/li><\/ul><h2><span style=\"color: #2d2e87;\">Marcas adicionales a tener en cuenta<\/span><\/h2><p><span style=\"color: #2d2e87;\">Hasta ahora hemos mencionado las marcas que resultan fundamentales para la elecci\u00f3n correcta de la protecci\u00f3n ocular a emplear en el entorno laboral. Sin embargo, hay otro <strong>marcado<\/strong> que tambi\u00e9n es <strong>recomendable tener en cuenta como las opciones de lente, el arco el\u00e9ctrico y la conformidad e identificaci\u00f3n del fabricante.<\/strong><\/span><\/p><h3><span style=\"color: #2d2e87;\">a.\u00a0\u00a0\u00a0 Opciones de lente<\/span><\/h3><p><span style=\"color: #2d2e87;\">Dentro del marcado referente a las opciones de lente se puede distinguir de la siguiente manera:<\/span><\/p><ul><li><span style=\"color: #2d2e87;\"><strong>K Resistencia a da\u00f1os superficiales por part\u00edculas finas<\/strong><\/span><\/li><li><span style=\"color: #2d2e87;\"><strong>N Resistencia antivaho<\/strong><\/span><\/li><\/ul><p><span style=\"color: #2d2e87;\">Por lo general estas dos marcas adicionales suelen ir de la mano como en las <a style=\"color: #2d2e87;\" href=\"\\&quot;https:\/\/www.lyreco.com\/webshop\/SPSP\/gafas-de-seguridad-con-lente-transparente-bolle-contour-product-000000000007560089.html\\&quot;\">gafas de seguridad con lente transparente Boll\u00e9 Contour<\/a> que pueden encontrarse en el cat\u00e1logo de Lyreco.<\/span><\/p><h3><span style=\"color: #2d2e87;\">b.\u00a0\u00a0\u00a0 Arco el\u00e9ctrico<\/span><\/h3><p><span style=\"color: #2d2e87;\">En este caso hablamos \u00fanicamente de <strong>la marca 8-1-0** que indica protecci\u00f3n contra fallo de arco<\/strong>.<\/span><\/p><h3><span style=\"color: #2d2e87;\">c.\u00a0\u00a0\u00a0 Conformidad e identificaci\u00f3n el fabricante<\/span><\/h3><p><span style=\"color: #2d2e87;\">El \u00faltimo aspecto del marcado de la protecci\u00f3n ocular a tener en cuenta es el de <strong>conformidad con la normativa europea<\/strong>, la ya conocida CE y que indica que la protecci\u00f3n <strong>cumple con la legislaci\u00f3n<\/strong> europea.<\/span><\/p><p><span style=\"color: #2d2e87;\">Y, por otra parte, tambi\u00e9n cabe tener en cuenta la <strong>marca del fabricante<\/strong>. Para ello se utiliza habitualmente un s\u00edmbolo \u00fanico que lo identifica como tal.<\/span><\/p><h2><span style=\"color: #2d2e87;\">Una elecci\u00f3n fundamental<\/span><\/h2><p><span style=\"color: #2d2e87;\">Al igual que ocurre con otros elementos de los equipos de protecci\u00f3n individual, la elecci\u00f3n de la <strong>protecci\u00f3n ocular adecuada<\/strong> va a marcar la diferencia entre una protecci\u00f3n eficiente y una incompleta en el entorno laboral.<\/span><\/p><p><span style=\"color: #2d2e87;\"><strong>Antes de comprar los equipos de protecci\u00f3n ocular, d\u00e9jate asesorar por los expertos de Lyreco. Te recomendar\u00e1n el modelo y te ofrecer\u00e1n las mejores alternativas para una protecci\u00f3n con todas las garant\u00edas.<\/strong><strong> Encuentra el producto que mejor se adapta a tu actividad laboral y a tus necesidades.<\/strong><\/span><\/p>\t\t\t\t\t\t<\/div>\n\t\t\t\t<\/div>\n\t\t\t\t\t<\/div>\n\t\t<\/div>\n\t\t\t\t\t\t\t<\/div>\n\t\t<\/section>\n\t\t\t\t\t\t\t<\/div>\n\t\t","protected":false},"excerpt":{"rendered":"<p>Normativa e instrucciones de marcado para elegir el protector ocular No hay mejor forma de evidenciar la importancia del uso de una protecci\u00f3n ocular adecuada que recurriendo a los datos. En torno a 2000 trabajadores en Estados Unidos sufre lesiones oculares a diario, de las cuales casi un 20% derivan en una p\u00e9rdida temporal o &hellip;<\/p>\n<p class=\"read-more\"> <a class=\"\" href=\"https:\/\/intersafe.es\/index.php\/2022\/10\/13\/normativa-protector-ocular\/\"> <span class=\"screen-reader-text\">Normativa e instrucciones de marcado para elegir el protector ocular<\/span> Leer m\u00e1s \u00bb<\/a><\/p>\n","protected":false},"author":1,"featured_media":389,"comment_status":"open","ping_status":"open","sticky":false,"template":"","format":"standard","meta":{"site-sidebar-layout":"default","site-content-layout":"default","ast-global-header-display":"","ast-banner-title-visibility":"","ast-main-header-display":"","ast-hfb-above-header-display":"","ast-hfb-below-header-display":"","ast-hfb-mobile-header-display":"","site-post-title":"disabled","ast-breadcrumbs-content":"","ast-featured-img":"","footer-sml-layout":"","theme-transparent-header-meta":"","adv-header-id-meta":"","stick-header-meta":"","header-above-stick-meta":"","header-main-stick-meta":"","header-below-stick-meta":"","footnotes":""},"categories":[9,34],"tags":[10],"class_list":["post-388","post","type-post","status-publish","format-standard","has-post-thumbnail","hentry","category-gafas-montura-universal-integral","category-ocular-facial","tag-gafas-montura-universal-e-integral"],"yoast_head":"<!-- This site is optimized with the Yoast SEO plugin v27.5 - https:\/\/yoast.com\/product\/yoast-seo-wordpress\/ -->\n<title>Normativa e instrucciones de marcado para elegir el protector ocular<\/title>\n<meta name=\"description\" content=\"Criterios y normas para entender el marcado en los equipos de protecci\u00f3n ocular. C\u00f3mo acertar al comprar las gafas, pantallas y filtros de protecci\u00f3n.\" \/>\n<meta name=\"robots\" content=\"index, follow, max-snippet:-1, max-image-preview:large, max-video-preview:-1\" \/>\n<link rel=\"canonical\" href=\"https:\/\/intersafe.es\/index.php\/2022\/10\/13\/normativa-protector-ocular\/\" \/>\n<meta property=\"og:locale\" content=\"es_ES\" \/>\n<meta property=\"og:type\" content=\"article\" \/>\n<meta property=\"og:title\" content=\"Normativa e instrucciones de marcado para elegir el protector ocular\" \/>\n<meta property=\"og:description\" content=\"Criterios y normas para entender el marcado en los equipos de protecci\u00f3n ocular. C\u00f3mo acertar al comprar las gafas, pantallas y filtros de protecci\u00f3n.\" \/>\n<meta property=\"og:url\" content=\"https:\/\/intersafe.es\/index.php\/2022\/10\/13\/normativa-protector-ocular\/\" \/>\n<meta property=\"og:site_name\" content=\"Intersafe Espa\u00f1a\" \/>\n<meta property=\"article:published_time\" content=\"2022-10-13T11:03:10+00:00\" \/>\n<meta property=\"article:modified_time\" content=\"2023-03-14T17:57:15+00:00\" \/>\n<meta name=\"author\" content=\"admin\" \/>\n<meta name=\"twitter:card\" content=\"summary_large_image\" \/>\n<meta name=\"twitter:label1\" content=\"Escrito por\" \/>\n\t<meta name=\"twitter:data1\" content=\"admin\" \/>\n\t<meta name=\"twitter:label2\" content=\"Tiempo de lectura\" \/>\n\t<meta name=\"twitter:data2\" content=\"7 minutos\" \/>\n<script type=\"application\/ld+json\" class=\"yoast-schema-graph\">{\"@context\":\"https:\\\/\\\/schema.org\",\"@graph\":[{\"@type\":\"Article\",\"@id\":\"https:\\\/\\\/intersafe.es\\\/index.php\\\/2022\\\/10\\\/13\\\/normativa-protector-ocular\\\/#article\",\"isPartOf\":{\"@id\":\"https:\\\/\\\/intersafe.es\\\/index.php\\\/2022\\\/10\\\/13\\\/normativa-protector-ocular\\\/\"},\"author\":{\"name\":\"admin\",\"@id\":\"https:\\\/\\\/intersafe.es\\\/#\\\/schema\\\/person\\\/895be732dc49489c107f8c948779c025\"},\"headline\":\"Normativa e instrucciones de marcado para elegir el protector ocular\",\"datePublished\":\"2022-10-13T11:03:10+00:00\",\"dateModified\":\"2023-03-14T17:57:15+00:00\",\"mainEntityOfPage\":{\"@id\":\"https:\\\/\\\/intersafe.es\\\/index.php\\\/2022\\\/10\\\/13\\\/normativa-protector-ocular\\\/\"},\"wordCount\":1483,\"commentCount\":0,\"publisher\":{\"@id\":\"https:\\\/\\\/intersafe.es\\\/#organization\"},\"image\":{\"@id\":\"https:\\\/\\\/intersafe.es\\\/index.php\\\/2022\\\/10\\\/13\\\/normativa-protector-ocular\\\/#primaryimage\"},\"thumbnailUrl\":\"\",\"keywords\":[\"Gafas montura universal e integral\"],\"articleSection\":[\"Gafas montura universal e integral\",\"Protecci\u00f3n ocular y facial\"],\"inLanguage\":\"es\",\"potentialAction\":[{\"@type\":\"CommentAction\",\"name\":\"Comment\",\"target\":[\"https:\\\/\\\/intersafe.es\\\/index.php\\\/2022\\\/10\\\/13\\\/normativa-protector-ocular\\\/#respond\"]}]},{\"@type\":\"WebPage\",\"@id\":\"https:\\\/\\\/intersafe.es\\\/index.php\\\/2022\\\/10\\\/13\\\/normativa-protector-ocular\\\/\",\"url\":\"https:\\\/\\\/intersafe.es\\\/index.php\\\/2022\\\/10\\\/13\\\/normativa-protector-ocular\\\/\",\"name\":\"Normativa e instrucciones de marcado para elegir el protector ocular\",\"isPartOf\":{\"@id\":\"https:\\\/\\\/intersafe.es\\\/#website\"},\"primaryImageOfPage\":{\"@id\":\"https:\\\/\\\/intersafe.es\\\/index.php\\\/2022\\\/10\\\/13\\\/normativa-protector-ocular\\\/#primaryimage\"},\"image\":{\"@id\":\"https:\\\/\\\/intersafe.es\\\/index.php\\\/2022\\\/10\\\/13\\\/normativa-protector-ocular\\\/#primaryimage\"},\"thumbnailUrl\":\"\",\"datePublished\":\"2022-10-13T11:03:10+00:00\",\"dateModified\":\"2023-03-14T17:57:15+00:00\",\"description\":\"Criterios y normas para entender el marcado en los equipos de protecci\u00f3n ocular. C\u00f3mo acertar al comprar las gafas, pantallas y filtros de protecci\u00f3n.\",\"breadcrumb\":{\"@id\":\"https:\\\/\\\/intersafe.es\\\/index.php\\\/2022\\\/10\\\/13\\\/normativa-protector-ocular\\\/#breadcrumb\"},\"inLanguage\":\"es\",\"potentialAction\":[{\"@type\":\"ReadAction\",\"target\":[\"https:\\\/\\\/intersafe.es\\\/index.php\\\/2022\\\/10\\\/13\\\/normativa-protector-ocular\\\/\"]}]},{\"@type\":\"ImageObject\",\"inLanguage\":\"es\",\"@id\":\"https:\\\/\\\/intersafe.es\\\/index.php\\\/2022\\\/10\\\/13\\\/normativa-protector-ocular\\\/#primaryimage\",\"url\":\"\",\"contentUrl\":\"\"},{\"@type\":\"BreadcrumbList\",\"@id\":\"https:\\\/\\\/intersafe.es\\\/index.php\\\/2022\\\/10\\\/13\\\/normativa-protector-ocular\\\/#breadcrumb\",\"itemListElement\":[{\"@type\":\"ListItem\",\"position\":1,\"name\":\"Portada\",\"item\":\"https:\\\/\\\/intersafe.es\\\/\"},{\"@type\":\"ListItem\",\"position\":2,\"name\":\"Normativa e instrucciones de marcado para elegir el protector ocular\"}]},{\"@type\":\"WebSite\",\"@id\":\"https:\\\/\\\/intersafe.es\\\/#website\",\"url\":\"https:\\\/\\\/intersafe.es\\\/\",\"name\":\"Intersafe Espa\u00f1a\",\"description\":\"Soluciones integrales en materia de seguridad laboral\",\"publisher\":{\"@id\":\"https:\\\/\\\/intersafe.es\\\/#organization\"},\"potentialAction\":[{\"@type\":\"SearchAction\",\"target\":{\"@type\":\"EntryPoint\",\"urlTemplate\":\"https:\\\/\\\/intersafe.es\\\/?s={search_term_string}\"},\"query-input\":{\"@type\":\"PropertyValueSpecification\",\"valueRequired\":true,\"valueName\":\"search_term_string\"}}],\"inLanguage\":\"es\"},{\"@type\":\"Organization\",\"@id\":\"https:\\\/\\\/intersafe.es\\\/#organization\",\"name\":\"Intersafe Espa\u00f1a\",\"url\":\"https:\\\/\\\/intersafe.es\\\/\",\"logo\":{\"@type\":\"ImageObject\",\"inLanguage\":\"es\",\"@id\":\"https:\\\/\\\/intersafe.es\\\/#\\\/schema\\\/logo\\\/image\\\/\",\"url\":\"https:\\\/\\\/intersafe.es\\\/wp-content\\\/uploads\\\/2024\\\/11\\\/cropped-Lyreco_Intersafe_Logotype_RGB_negative-1.png\",\"contentUrl\":\"https:\\\/\\\/intersafe.es\\\/wp-content\\\/uploads\\\/2024\\\/11\\\/cropped-Lyreco_Intersafe_Logotype_RGB_negative-1.png\",\"width\":1608,\"height\":621,\"caption\":\"Intersafe Espa\u00f1a\"},\"image\":{\"@id\":\"https:\\\/\\\/intersafe.es\\\/#\\\/schema\\\/logo\\\/image\\\/\"}},{\"@type\":\"Person\",\"@id\":\"https:\\\/\\\/intersafe.es\\\/#\\\/schema\\\/person\\\/895be732dc49489c107f8c948779c025\",\"name\":\"admin\",\"image\":{\"@type\":\"ImageObject\",\"inLanguage\":\"es\",\"@id\":\"https:\\\/\\\/secure.gravatar.com\\\/avatar\\\/0a70928f7c8555b0c3d9fffa3ad3476f0c53fd84ed0c3555b6149a2fae34470b?s=96&d=mm&r=g\",\"url\":\"https:\\\/\\\/secure.gravatar.com\\\/avatar\\\/0a70928f7c8555b0c3d9fffa3ad3476f0c53fd84ed0c3555b6149a2fae34470b?s=96&d=mm&r=g\",\"contentUrl\":\"https:\\\/\\\/secure.gravatar.com\\\/avatar\\\/0a70928f7c8555b0c3d9fffa3ad3476f0c53fd84ed0c3555b6149a2fae34470b?s=96&d=mm&r=g\",\"caption\":\"admin\"},\"sameAs\":[\"https:\\\/\\\/intersafe.es\"],\"url\":\"https:\\\/\\\/intersafe.es\\\/index.php\\\/author\\\/intersafe-cex-23\\\/\"}]}<\/script>\n<!-- \/ Yoast SEO plugin. -->","yoast_head_json":{"title":"Normativa e instrucciones de marcado para elegir el protector ocular","description":"Criterios y normas para entender el marcado en los equipos de protecci\u00f3n ocular. C\u00f3mo acertar al comprar las gafas, pantallas y filtros de protecci\u00f3n.","robots":{"index":"index","follow":"follow","max-snippet":"max-snippet:-1","max-image-preview":"max-image-preview:large","max-video-preview":"max-video-preview:-1"},"canonical":"https:\/\/intersafe.es\/index.php\/2022\/10\/13\/normativa-protector-ocular\/","og_locale":"es_ES","og_type":"article","og_title":"Normativa e instrucciones de marcado para elegir el protector ocular","og_description":"Criterios y normas para entender el marcado en los equipos de protecci\u00f3n ocular. C\u00f3mo acertar al comprar las gafas, pantallas y filtros de protecci\u00f3n.","og_url":"https:\/\/intersafe.es\/index.php\/2022\/10\/13\/normativa-protector-ocular\/","og_site_name":"Intersafe Espa\u00f1a","article_published_time":"2022-10-13T11:03:10+00:00","article_modified_time":"2023-03-14T17:57:15+00:00","author":"admin","twitter_card":"summary_large_image","twitter_misc":{"Escrito por":"admin","Tiempo de lectura":"7 minutos"},"schema":{"@context":"https:\/\/schema.org","@graph":[{"@type":"Article","@id":"https:\/\/intersafe.es\/index.php\/2022\/10\/13\/normativa-protector-ocular\/#article","isPartOf":{"@id":"https:\/\/intersafe.es\/index.php\/2022\/10\/13\/normativa-protector-ocular\/"},"author":{"name":"admin","@id":"https:\/\/intersafe.es\/#\/schema\/person\/895be732dc49489c107f8c948779c025"},"headline":"Normativa e instrucciones de marcado para elegir el protector ocular","datePublished":"2022-10-13T11:03:10+00:00","dateModified":"2023-03-14T17:57:15+00:00","mainEntityOfPage":{"@id":"https:\/\/intersafe.es\/index.php\/2022\/10\/13\/normativa-protector-ocular\/"},"wordCount":1483,"commentCount":0,"publisher":{"@id":"https:\/\/intersafe.es\/#organization"},"image":{"@id":"https:\/\/intersafe.es\/index.php\/2022\/10\/13\/normativa-protector-ocular\/#primaryimage"},"thumbnailUrl":"","keywords":["Gafas montura universal e integral"],"articleSection":["Gafas montura universal e integral","Protecci\u00f3n ocular y facial"],"inLanguage":"es","potentialAction":[{"@type":"CommentAction","name":"Comment","target":["https:\/\/intersafe.es\/index.php\/2022\/10\/13\/normativa-protector-ocular\/#respond"]}]},{"@type":"WebPage","@id":"https:\/\/intersafe.es\/index.php\/2022\/10\/13\/normativa-protector-ocular\/","url":"https:\/\/intersafe.es\/index.php\/2022\/10\/13\/normativa-protector-ocular\/","name":"Normativa e instrucciones de marcado para elegir el protector ocular","isPartOf":{"@id":"https:\/\/intersafe.es\/#website"},"primaryImageOfPage":{"@id":"https:\/\/intersafe.es\/index.php\/2022\/10\/13\/normativa-protector-ocular\/#primaryimage"},"image":{"@id":"https:\/\/intersafe.es\/index.php\/2022\/10\/13\/normativa-protector-ocular\/#primaryimage"},"thumbnailUrl":"","datePublished":"2022-10-13T11:03:10+00:00","dateModified":"2023-03-14T17:57:15+00:00","description":"Criterios y normas para entender el marcado en los equipos de protecci\u00f3n ocular. C\u00f3mo acertar al comprar las gafas, pantallas y filtros de protecci\u00f3n.","breadcrumb":{"@id":"https:\/\/intersafe.es\/index.php\/2022\/10\/13\/normativa-protector-ocular\/#breadcrumb"},"inLanguage":"es","potentialAction":[{"@type":"ReadAction","target":["https:\/\/intersafe.es\/index.php\/2022\/10\/13\/normativa-protector-ocular\/"]}]},{"@type":"ImageObject","inLanguage":"es","@id":"https:\/\/intersafe.es\/index.php\/2022\/10\/13\/normativa-protector-ocular\/#primaryimage","url":"","contentUrl":""},{"@type":"BreadcrumbList","@id":"https:\/\/intersafe.es\/index.php\/2022\/10\/13\/normativa-protector-ocular\/#breadcrumb","itemListElement":[{"@type":"ListItem","position":1,"name":"Portada","item":"https:\/\/intersafe.es\/"},{"@type":"ListItem","position":2,"name":"Normativa e instrucciones de marcado para elegir el protector ocular"}]},{"@type":"WebSite","@id":"https:\/\/intersafe.es\/#website","url":"https:\/\/intersafe.es\/","name":"Intersafe Espa\u00f1a","description":"Soluciones integrales en materia de seguridad laboral","publisher":{"@id":"https:\/\/intersafe.es\/#organization"},"potentialAction":[{"@type":"SearchAction","target":{"@type":"EntryPoint","urlTemplate":"https:\/\/intersafe.es\/?s={search_term_string}"},"query-input":{"@type":"PropertyValueSpecification","valueRequired":true,"valueName":"search_term_string"}}],"inLanguage":"es"},{"@type":"Organization","@id":"https:\/\/intersafe.es\/#organization","name":"Intersafe Espa\u00f1a","url":"https:\/\/intersafe.es\/","logo":{"@type":"ImageObject","inLanguage":"es","@id":"https:\/\/intersafe.es\/#\/schema\/logo\/image\/","url":"https:\/\/intersafe.es\/wp-content\/uploads\/2024\/11\/cropped-Lyreco_Intersafe_Logotype_RGB_negative-1.png","contentUrl":"https:\/\/intersafe.es\/wp-content\/uploads\/2024\/11\/cropped-Lyreco_Intersafe_Logotype_RGB_negative-1.png","width":1608,"height":621,"caption":"Intersafe Espa\u00f1a"},"image":{"@id":"https:\/\/intersafe.es\/#\/schema\/logo\/image\/"}},{"@type":"Person","@id":"https:\/\/intersafe.es\/#\/schema\/person\/895be732dc49489c107f8c948779c025","name":"admin","image":{"@type":"ImageObject","inLanguage":"es","@id":"https:\/\/secure.gravatar.com\/avatar\/0a70928f7c8555b0c3d9fffa3ad3476f0c53fd84ed0c3555b6149a2fae34470b?s=96&d=mm&r=g","url":"https:\/\/secure.gravatar.com\/avatar\/0a70928f7c8555b0c3d9fffa3ad3476f0c53fd84ed0c3555b6149a2fae34470b?s=96&d=mm&r=g","contentUrl":"https:\/\/secure.gravatar.com\/avatar\/0a70928f7c8555b0c3d9fffa3ad3476f0c53fd84ed0c3555b6149a2fae34470b?s=96&d=mm&r=g","caption":"admin"},"sameAs":["https:\/\/intersafe.es"],"url":"https:\/\/intersafe.es\/index.php\/author\/intersafe-cex-23\/"}]}},"_links":{"self":[{"href":"https:\/\/intersafe.es\/index.php\/wp-json\/wp\/v2\/posts\/388","targetHints":{"allow":["GET"]}}],"collection":[{"href":"https:\/\/intersafe.es\/index.php\/wp-json\/wp\/v2\/posts"}],"about":[{"href":"https:\/\/intersafe.es\/index.php\/wp-json\/wp\/v2\/types\/post"}],"author":[{"embeddable":true,"href":"https:\/\/intersafe.es\/index.php\/wp-json\/wp\/v2\/users\/1"}],"replies":[{"embeddable":true,"href":"https:\/\/intersafe.es\/index.php\/wp-json\/wp\/v2\/comments?post=388"}],"version-history":[{"count":8,"href":"https:\/\/intersafe.es\/index.php\/wp-json\/wp\/v2\/posts\/388\/revisions"}],"predecessor-version":[{"id":1959,"href":"https:\/\/intersafe.es\/index.php\/wp-json\/wp\/v2\/posts\/388\/revisions\/1959"}],"wp:featuredmedia":[{"embeddable":true,"href":"https:\/\/intersafe.es\/index.php\/wp-json\/"}],"wp:attachment":[{"href":"https:\/\/intersafe.es\/index.php\/wp-json\/wp\/v2\/media?parent=388"}],"wp:term":[{"taxonomy":"category","embeddable":true,"href":"https:\/\/intersafe.es\/index.php\/wp-json\/wp\/v2\/categories?post=388"},{"taxonomy":"post_tag","embeddable":true,"href":"https:\/\/intersafe.es\/index.php\/wp-json\/wp\/v2\/tags?post=388"}],"curies":[{"name":"wp","href":"https:\/\/api.w.org\/{rel}","templated":true}]}}